{"id":8089,"date":"2026-01-29T12:53:08","date_gmt":"2026-01-29T11:53:08","guid":{"rendered":"https:\/\/www.somater.fr\/industriele-knowhow-en-lokale-verankering\/"},"modified":"2026-01-29T14:16:50","modified_gmt":"2026-01-29T13:16:50","slug":"industriele-knowhow-en-lokale-verankering","status":"publish","type":"post","link":"https:\/\/www.somater.fr\/nl\/industriele-knowhow-en-lokale-verankering\/","title":{"rendered":"Industri\u00eble knowhow en lokale verankering"},"content":{"rendered":"<p>We hadden de eer om op onze site in Marolles de onder prefect van Sarthe, de burgemeester van Marolles-l\u00e8s-Saint-Calais, de voorzitter van de Communaut\u00e9 de Communes des Vall\u00e9es de la Braye et de l&#8217;Anille en de economisch beleidsmedewerker te mogen verwelkomen.<\/p>\n<p>Dit bezoek maakte een constructieve dialoog mogelijk tussen Somater, de vertegenwoordigers van de staat en de verkozenen. We konden ter plaatse onze realiteit delen:<\/p>\n<ul>\n<li>Het niveau van de regelgeving waaraan we voldoen,<\/li>\n<li>De sleutelrol van het overheidsbeleid om middelgrote ondernemingen de middelen te geven om hun ambities waar te maken,<\/li>\n<li>De inzet van onze teams op het vlak van concurrentievermogen, prestaties en verantwoordelijkheid.<\/li>\n<\/ul>\n<p>Onze gesprekken waren bijzonder vruchtbaar en gingen over economische en territoriale kwesties: belastingen, concurrentievermogen, werkgelegenheid, MVO en lokale ontwikkeling.<\/p>\n<p>Bij Somater zijn we ervan overtuigd dat onze prestaties hand in hand gaan met een sterke territoriale verankering. Wij danken de vertegenwoordigers van de staat en de gekozen vertegenwoordigers voor de kwaliteit van onze gesprekken en de idee\u00ebn die zijn geformuleerd voor de ontwikkeling van het arrondissement.<\/p>\n","protected":false},"excerpt":{"rendered":"<p>We hadden de eer om op onze site in Marolles de onder prefect van Sarthe, de burgemeester van Marolles-l\u00e8s-Saint-Calais, de voorzitter van de Communaut\u00e9 de Communes des Vall\u00e9es de la Braye et de l&#8217;Anille en de economisch beleidsmedewerker te mogen verwelkomen. Dit bezoek maakte een constructieve dialoog mogelijk tussen Somater, de vertegenwoordigers van de staat [&hellip;]<\/p>\n","protected":false},"author":10,"featured_media":8082,"comment_status":"closed","ping_status":"closed","sticky":false,"template":"","format":"standard","meta":{"footnotes":""},"categories":[10],"tags":[],"class_list":["post-8089","post","type-post","status-publish","format-standard","has-post-thumbnail","hentry","category-nieuws"],"yoast_head":"<!-- This site is optimized with the Yoast SEO plugin v27.1.1 - https:\/\/yoast.com\/product\/yoast-seo-wordpress\/ -->\n<title>Industri\u00eble knowhow en lokale verankering &#8211; Somater<\/title>\n<meta name=\"description\" content=\"We hadden de eer om op onze site in Marolles de onder prefect van Sarthe, de burgemeester van Marolles-l\u00e8s-Saint-Calais, de voorzitter van de Communaut\u00e9 de Communes des Vall\u00e9es de la Braye et de l&#039;Anille en de economisch beleidsmedewerker te mogen verwelkomen.\" \/>\n<meta name=\"robots\" content=\"index, follow, max-snippet:-1, max-image-preview:large, max-video-preview:-1\" \/>\n<link rel=\"canonical\" href=\"https:\/\/www.somater.fr\/savoir-faire-industriel-et-ancrage-territorial\/\" \/>\n<meta property=\"og:locale\" content=\"nl_NL\" \/>\n<meta property=\"og:type\" content=\"article\" \/>\n<meta property=\"og:title\" content=\"Industri\u00eble knowhow en lokale verankering &#8211; Somater\" \/>\n<meta property=\"og:description\" content=\"We hadden de eer om op onze site in Marolles de onder prefect van Sarthe, de burgemeester van Marolles-l\u00e8s-Saint-Calais, de voorzitter van de Communaut\u00e9 de Communes des Vall\u00e9es de la Braye et de l&#039;Anille en de economisch beleidsmedewerker te mogen verwelkomen.\" \/>\n<meta property=\"og:url\" content=\"https:\/\/www.somater.fr\/savoir-faire-industriel-et-ancrage-territorial\/\" \/>\n<meta property=\"og:site_name\" content=\"Somater\" \/>\n<meta property=\"article:published_time\" content=\"2026-01-29T11:53:08+00:00\" \/>\n<meta property=\"article:modified_time\" content=\"2026-01-29T13:16:50+00:00\" \/>\n<meta property=\"og:image\" content=\"https:\/\/www.somater.fr\/wp-content\/uploads\/SOM_ancrage_territorial_news_0-1.jpg\" \/>\n\t<meta property=\"og:image:width\" content=\"2076\" \/>\n\t<meta property=\"og:image:height\" content=\"1332\" \/>\n\t<meta property=\"og:image:type\" content=\"image\/jpeg\" \/>\n<meta name=\"author\" content=\"Somater\" \/>\n<meta name=\"twitter:card\" content=\"summary_large_image\" \/>\n<meta name=\"twitter:label1\" content=\"Geschreven door\" \/>\n\t<meta name=\"twitter:data1\" content=\"Somater\" \/>\n\t<meta name=\"twitter:label2\" content=\"Geschatte leestijd\" \/>\n\t<meta name=\"twitter:data2\" content=\"1 minuut\" \/>\n<script type=\"application\/ld+json\" class=\"yoast-schema-graph\">{\"@context\":\"https:\/\/schema.org\",\"@graph\":[{\"@type\":\"Article\",\"@id\":\"https:\/\/www.somater.fr\/savoir-faire-industriel-et-ancrage-territorial\/#article\",\"isPartOf\":{\"@id\":\"https:\/\/www.somater.fr\/savoir-faire-industriel-et-ancrage-territorial\/\"},\"author\":{\"name\":\"Somater\",\"@id\":\"https:\/\/www.somater.fr\/#\/schema\/person\/e12866caf2dc6d710a58c40fcdc6952e\"},\"headline\":\"Industri\u00eble knowhow en lokale verankering\",\"datePublished\":\"2026-01-29T11:53:08+00:00\",\"dateModified\":\"2026-01-29T13:16:50+00:00\",\"mainEntityOfPage\":{\"@id\":\"https:\/\/www.somater.fr\/savoir-faire-industriel-et-ancrage-territorial\/\"},\"wordCount\":180,\"image\":{\"@id\":\"https:\/\/www.somater.fr\/savoir-faire-industriel-et-ancrage-territorial\/#primaryimage\"},\"thumbnailUrl\":\"https:\/\/www.somater.fr\/wp-content\/uploads\/SOM_ancrage_territorial_news_0-1.jpg\",\"articleSection\":[\"Nieuws\"],\"inLanguage\":\"nl-NL\"},{\"@type\":\"WebPage\",\"@id\":\"https:\/\/www.somater.fr\/savoir-faire-industriel-et-ancrage-territorial\/\",\"url\":\"https:\/\/www.somater.fr\/savoir-faire-industriel-et-ancrage-territorial\/\",\"name\":\"Industri\u00eble knowhow en lokale verankering &#8211; Somater\",\"isPartOf\":{\"@id\":\"https:\/\/www.somater.fr\/#website\"},\"primaryImageOfPage\":{\"@id\":\"https:\/\/www.somater.fr\/savoir-faire-industriel-et-ancrage-territorial\/#primaryimage\"},\"image\":{\"@id\":\"https:\/\/www.somater.fr\/savoir-faire-industriel-et-ancrage-territorial\/#primaryimage\"},\"thumbnailUrl\":\"https:\/\/www.somater.fr\/wp-content\/uploads\/SOM_ancrage_territorial_news_0-1.jpg\",\"datePublished\":\"2026-01-29T11:53:08+00:00\",\"dateModified\":\"2026-01-29T13:16:50+00:00\",\"author\":{\"@id\":\"https:\/\/www.somater.fr\/#\/schema\/person\/e12866caf2dc6d710a58c40fcdc6952e\"},\"description\":\"We hadden de eer om op onze site in Marolles de onder prefect van Sarthe, de burgemeester van Marolles-l\u00e8s-Saint-Calais, de voorzitter van de Communaut\u00e9 de Communes des Vall\u00e9es de la Braye et de l'Anille en de economisch beleidsmedewerker te mogen verwelkomen.\",\"breadcrumb\":{\"@id\":\"https:\/\/www.somater.fr\/savoir-faire-industriel-et-ancrage-territorial\/#breadcrumb\"},\"inLanguage\":\"nl-NL\",\"potentialAction\":[{\"@type\":\"ReadAction\",\"target\":[\"https:\/\/www.somater.fr\/savoir-faire-industriel-et-ancrage-territorial\/\"]}]},{\"@type\":\"ImageObject\",\"inLanguage\":\"nl-NL\",\"@id\":\"https:\/\/www.somater.fr\/savoir-faire-industriel-et-ancrage-territorial\/#primaryimage\",\"url\":\"https:\/\/www.somater.fr\/wp-content\/uploads\/SOM_ancrage_territorial_news_0-1.jpg\",\"contentUrl\":\"https:\/\/www.somater.fr\/wp-content\/uploads\/SOM_ancrage_territorial_news_0-1.jpg\",\"width\":2076,\"height\":1332,\"caption\":\"Savoir-faire industriel et ancrage territorial\"},{\"@type\":\"BreadcrumbList\",\"@id\":\"https:\/\/www.somater.fr\/savoir-faire-industriel-et-ancrage-territorial\/#breadcrumb\",\"itemListElement\":[{\"@type\":\"ListItem\",\"position\":1,\"name\":\"Accueil\",\"item\":\"https:\/\/www.somater.fr\/\"},{\"@type\":\"ListItem\",\"position\":2,\"name\":\"Industri\u00eble knowhow en lokale verankering\"}]},{\"@type\":\"WebSite\",\"@id\":\"https:\/\/www.somater.fr\/#website\",\"url\":\"https:\/\/www.somater.fr\/\",\"name\":\"Somater\",\"description\":\"Fabricant fran\u00e7ais d\u2019emballages primaires en plastique\",\"potentialAction\":[{\"@type\":\"SearchAction\",\"target\":{\"@type\":\"EntryPoint\",\"urlTemplate\":\"https:\/\/www.somater.fr\/?s={search_term_string}\"},\"query-input\":{\"@type\":\"PropertyValueSpecification\",\"valueRequired\":true,\"valueName\":\"search_term_string\"}}],\"inLanguage\":\"nl-NL\"},{\"@type\":\"Person\",\"@id\":\"https:\/\/www.somater.fr\/#\/schema\/person\/e12866caf2dc6d710a58c40fcdc6952e\",\"name\":\"Somater\",\"image\":{\"@type\":\"ImageObject\",\"inLanguage\":\"nl-NL\",\"@id\":\"https:\/\/www.somater.fr\/#\/schema\/person\/image\/\",\"url\":\"https:\/\/secure.gravatar.com\/avatar\/e58b794a904d80f20b3368cdc72e47714d87e6a675b7bb627e62ec920efdb75b?s=96&d=mm&r=g\",\"contentUrl\":\"https:\/\/secure.gravatar.com\/avatar\/e58b794a904d80f20b3368cdc72e47714d87e6a675b7bb627e62ec920efdb75b?s=96&d=mm&r=g\",\"caption\":\"Somater\"}}]}<\/script>\n<!-- \/ Yoast SEO plugin. -->","yoast_head_json":{"title":"Industri\u00eble knowhow en lokale verankering &#8211; Somater","description":"We hadden de eer om op onze site in Marolles de onder prefect van Sarthe, de burgemeester van Marolles-l\u00e8s-Saint-Calais, de voorzitter van de Communaut\u00e9 de Communes des Vall\u00e9es de la Braye et de l'Anille en de economisch beleidsmedewerker te mogen verwelkomen.","robots":{"index":"index","follow":"follow","max-snippet":"max-snippet:-1","max-image-preview":"max-image-preview:large","max-video-preview":"max-video-preview:-1"},"canonical":"https:\/\/www.somater.fr\/savoir-faire-industriel-et-ancrage-territorial\/","og_locale":"nl_NL","og_type":"article","og_title":"Industri\u00eble knowhow en lokale verankering &#8211; Somater","og_description":"We hadden de eer om op onze site in Marolles de onder prefect van Sarthe, de burgemeester van Marolles-l\u00e8s-Saint-Calais, de voorzitter van de Communaut\u00e9 de Communes des Vall\u00e9es de la Braye et de l'Anille en de economisch beleidsmedewerker te mogen verwelkomen.","og_url":"https:\/\/www.somater.fr\/savoir-faire-industriel-et-ancrage-territorial\/","og_site_name":"Somater","article_published_time":"2026-01-29T11:53:08+00:00","article_modified_time":"2026-01-29T13:16:50+00:00","og_image":[{"width":2076,"height":1332,"url":"https:\/\/www.somater.fr\/wp-content\/uploads\/SOM_ancrage_territorial_news_0-1.jpg","type":"image\/jpeg"}],"author":"Somater","twitter_card":"summary_large_image","twitter_misc":{"Geschreven door":"Somater","Geschatte leestijd":"1 minuut"},"schema":{"@context":"https:\/\/schema.org","@graph":[{"@type":"Article","@id":"https:\/\/www.somater.fr\/savoir-faire-industriel-et-ancrage-territorial\/#article","isPartOf":{"@id":"https:\/\/www.somater.fr\/savoir-faire-industriel-et-ancrage-territorial\/"},"author":{"name":"Somater","@id":"https:\/\/www.somater.fr\/#\/schema\/person\/e12866caf2dc6d710a58c40fcdc6952e"},"headline":"Industri\u00eble knowhow en lokale verankering","datePublished":"2026-01-29T11:53:08+00:00","dateModified":"2026-01-29T13:16:50+00:00","mainEntityOfPage":{"@id":"https:\/\/www.somater.fr\/savoir-faire-industriel-et-ancrage-territorial\/"},"wordCount":180,"image":{"@id":"https:\/\/www.somater.fr\/savoir-faire-industriel-et-ancrage-territorial\/#primaryimage"},"thumbnailUrl":"https:\/\/www.somater.fr\/wp-content\/uploads\/SOM_ancrage_territorial_news_0-1.jpg","articleSection":["Nieuws"],"inLanguage":"nl-NL"},{"@type":"WebPage","@id":"https:\/\/www.somater.fr\/savoir-faire-industriel-et-ancrage-territorial\/","url":"https:\/\/www.somater.fr\/savoir-faire-industriel-et-ancrage-territorial\/","name":"Industri\u00eble knowhow en lokale verankering &#8211; Somater","isPartOf":{"@id":"https:\/\/www.somater.fr\/#website"},"primaryImageOfPage":{"@id":"https:\/\/www.somater.fr\/savoir-faire-industriel-et-ancrage-territorial\/#primaryimage"},"image":{"@id":"https:\/\/www.somater.fr\/savoir-faire-industriel-et-ancrage-territorial\/#primaryimage"},"thumbnailUrl":"https:\/\/www.somater.fr\/wp-content\/uploads\/SOM_ancrage_territorial_news_0-1.jpg","datePublished":"2026-01-29T11:53:08+00:00","dateModified":"2026-01-29T13:16:50+00:00","author":{"@id":"https:\/\/www.somater.fr\/#\/schema\/person\/e12866caf2dc6d710a58c40fcdc6952e"},"description":"We hadden de eer om op onze site in Marolles de onder prefect van Sarthe, de burgemeester van Marolles-l\u00e8s-Saint-Calais, de voorzitter van de Communaut\u00e9 de Communes des Vall\u00e9es de la Braye et de l'Anille en de economisch beleidsmedewerker te mogen verwelkomen.","breadcrumb":{"@id":"https:\/\/www.somater.fr\/savoir-faire-industriel-et-ancrage-territorial\/#breadcrumb"},"inLanguage":"nl-NL","potentialAction":[{"@type":"ReadAction","target":["https:\/\/www.somater.fr\/savoir-faire-industriel-et-ancrage-territorial\/"]}]},{"@type":"ImageObject","inLanguage":"nl-NL","@id":"https:\/\/www.somater.fr\/savoir-faire-industriel-et-ancrage-territorial\/#primaryimage","url":"https:\/\/www.somater.fr\/wp-content\/uploads\/SOM_ancrage_territorial_news_0-1.jpg","contentUrl":"https:\/\/www.somater.fr\/wp-content\/uploads\/SOM_ancrage_territorial_news_0-1.jpg","width":2076,"height":1332,"caption":"Savoir-faire industriel et ancrage territorial"},{"@type":"BreadcrumbList","@id":"https:\/\/www.somater.fr\/savoir-faire-industriel-et-ancrage-territorial\/#breadcrumb","itemListElement":[{"@type":"ListItem","position":1,"name":"Accueil","item":"https:\/\/www.somater.fr\/"},{"@type":"ListItem","position":2,"name":"Industri\u00eble knowhow en lokale verankering"}]},{"@type":"WebSite","@id":"https:\/\/www.somater.fr\/#website","url":"https:\/\/www.somater.fr\/","name":"Somater","description":"Fabricant fran\u00e7ais d\u2019emballages primaires en plastique","potentialAction":[{"@type":"SearchAction","target":{"@type":"EntryPoint","urlTemplate":"https:\/\/www.somater.fr\/?s={search_term_string}"},"query-input":{"@type":"PropertyValueSpecification","valueRequired":true,"valueName":"search_term_string"}}],"inLanguage":"nl-NL"},{"@type":"Person","@id":"https:\/\/www.somater.fr\/#\/schema\/person\/e12866caf2dc6d710a58c40fcdc6952e","name":"Somater","image":{"@type":"ImageObject","inLanguage":"nl-NL","@id":"https:\/\/www.somater.fr\/#\/schema\/person\/image\/","url":"https:\/\/secure.gravatar.com\/avatar\/e58b794a904d80f20b3368cdc72e47714d87e6a675b7bb627e62ec920efdb75b?s=96&d=mm&r=g","contentUrl":"https:\/\/secure.gravatar.com\/avatar\/e58b794a904d80f20b3368cdc72e47714d87e6a675b7bb627e62ec920efdb75b?s=96&d=mm&r=g","caption":"Somater"}}]}},"_links":{"self":[{"href":"https:\/\/www.somater.fr\/nl\/wp-json\/wp\/v2\/posts\/8089","targetHints":{"allow":["GET"]}}],"collection":[{"href":"https:\/\/www.somater.fr\/nl\/wp-json\/wp\/v2\/posts"}],"about":[{"href":"https:\/\/www.somater.fr\/nl\/wp-json\/wp\/v2\/types\/post"}],"author":[{"embeddable":true,"href":"https:\/\/www.somater.fr\/nl\/wp-json\/wp\/v2\/users\/10"}],"replies":[{"embeddable":true,"href":"https:\/\/www.somater.fr\/nl\/wp-json\/wp\/v2\/comments?post=8089"}],"version-history":[{"count":2,"href":"https:\/\/www.somater.fr\/nl\/wp-json\/wp\/v2\/posts\/8089\/revisions"}],"predecessor-version":[{"id":8096,"href":"https:\/\/www.somater.fr\/nl\/wp-json\/wp\/v2\/posts\/8089\/revisions\/8096"}],"wp:featuredmedia":[{"embeddable":true,"href":"https:\/\/www.somater.fr\/nl\/wp-json\/wp\/v2\/media\/8082"}],"wp:attachment":[{"href":"https:\/\/www.somater.fr\/nl\/wp-json\/wp\/v2\/media?parent=8089"}],"wp:term":[{"taxonomy":"category","embeddable":true,"href":"https:\/\/www.somater.fr\/nl\/wp-json\/wp\/v2\/categories?post=8089"},{"taxonomy":"post_tag","embeddable":true,"href":"https:\/\/www.somater.fr\/nl\/wp-json\/wp\/v2\/tags?post=8089"}],"curies":[{"name":"wp","href":"https:\/\/api.w.org\/{rel}","templated":true}]}}